{"id":7273,"date":"2024-08-14T22:25:55","date_gmt":"2024-08-15T05:25:55","guid":{"rendered":"https:\/\/chiccompass.com\/?p=7273"},"modified":"2026-08-30T20:34:59","modified_gmt":"2026-08-31T03:34:59","slug":"a-look-back-at-the-2024-cannes-film-festival","status":"publish","type":"post","link":"https:\/\/chiccompass.com\/wordpress\/a-look-back-at-the-2024-cannes-film-festival\/","title":{"rendered":"A Look Back at the 2024 Cannes Film Festival"},"content":{"rendered":"<div class=\"fusion-fullwidth fullwidth-box fusion-builder-row-1 hundred-percent-fullwidth non-hundred-percent-height-scrolling fusion-equal-height-columns\" style=\"--awb-background-position:left top;--awb-border-sizes-top:0px;--awb-border-sizes-bottom:0px;--awb-border-sizes-left:0px;--awb-border-sizes-right:0px;--awb-border-radius-top-left:0px;--awb-border-radius-top-right:0px;--awb-border-radius-bottom-right:0px;--awb-border-radius-bottom-left:0px;--awb-padding-top:0px;--awb-padding-right:0px;--awb-padding-bottom:0px;--awb-padding-left:0px;--awb-flex-wrap:wrap;\" ><div class=\"fusion-builder-row fusion-row\"><div class=\"fusion-layout-column fusion_builder_column fusion-builder-column-0 fusion_builder_column_1_3 1_3 fusion-one-third fusion-column-first fusion-no-small-visibility\" style=\"--awb-padding-top:9%;--awb-padding-right:9%;--awb-padding-bottom:9%;--awb-padding-left:9%;--awb-bg-size:cover;--awb-margin-bottom:0px;\"><div class=\"fusion-column-wrapper fusion-flex-column-wrapper-legacy\"><div class=\"fusion-image-element in-legacy-container\" style=\"--awb-caption-title-font-family:var(--h2_typography-font-family);--awb-caption-title-font-weight:var(--h2_typography-font-weight);--awb-caption-title-font-style:var(--h2_typography-font-style);--awb-caption-title-size:var(--h2_typography-font-size);--awb-caption-title-transform:var(--h2_typography-text-transform);--awb-caption-title-line-height:var(--h2_typography-line-height);--awb-caption-title-letter-spacing:var(--h2_typography-letter-spacing);\"><span class=\" fusion-imageframe imageframe-none imageframe-1 hover-type-none\"><img decoding=\"async\" width=\"800\" height=\"1035\" alt=\"Chic Compass Magazine - Issue 19\" title=\"ChicCompass-Issue19-Cover\" src=\"https:\/\/chiccompass.com\/wordpress\/wp-content\/uploads\/2024\/08\/ChicCompass-Issue19-Cover.jpg\" class=\"img-responsive wp-image-7169\" srcset=\"https:\/\/chiccompass.com\/wordpress\/wp-content\/uploads\/2024\/08\/ChicCompass-Issue19-Cover-200x259.jpg 200w, https:\/\/chiccompass.com\/wordpress\/wp-content\/uploads\/2024\/08\/ChicCompass-Issue19-Cover-400x518.jpg 400w, https:\/\/chiccompass.com\/wordpress\/wp-content\/uploads\/2024\/08\/ChicCompass-Issue19-Cover-600x776.jpg 600w, https:\/\/chiccompass.com\/wordpress\/wp-content\/uploads\/2024\/08\/ChicCompass-Issue19-Cover.jpg 800w\" sizes=\"(max-width: 800px) 100vw, (max-width: 1919px) 600px,(min-width: 1920px) 33vw\" \/><\/span><\/div><div class=\"fusion-sep-clear\"><\/div><div class=\"fusion-separator fusion-full-width-sep\" style=\"margin-left: auto;margin-right: auto;margin-top:20px;width:100%;\"><\/div><div class=\"fusion-sep-clear\"><\/div><div class=\"fusion-text fusion-text-1\" style=\"--awb-text-transform:none;\"><p style=\"text-align: center;\"><em>This article was printed in<\/em><br \/>\n<a href=\"https:\/\/chiccompass.com\/?r3d=chic-compass-magazine-issue-19#77\"><em>Chic Compass Magazine - Issue 19<\/em><\/a><\/p>\n<\/div><div class=\"fusion-sep-clear\"><\/div><div class=\"fusion-separator fusion-full-width-sep\" style=\"margin-left: auto;margin-right: auto;margin-top:20px;width:100%;\"><\/div><div class=\"fusion-sep-clear\"><\/div><div class=\"g g-2\"><div class=\"g-single a-103\"><center><a class=\"gofollow\" data-track=\"MTAzLDIsNjA=\" href=\"https:\/\/www.williamsharrishypnotherapy.com\/\"><img decoding=\"async\" src=\"https:\/\/chiccompass.com\/wordpress\/wp-content\/uploads\/2026\/06\/William-Harris.jpg\" \/><\/a><\/center><\/div><\/div><div class=\"fusion-clearfix\"><\/div><\/div><\/div><div class=\"fusion-layout-column fusion_builder_column fusion-builder-column-1 fusion_builder_column_1_2 1_2 fusion-one-half\" style=\"--awb-padding-top:9%;--awb-padding-right:9%;--awb-padding-bottom:9%;--awb-padding-left:9%;--awb-bg-color:#0c0c0d;--awb-bg-color-hover:#0c0c0d;--awb-bg-size:cover;--awb-margin-bottom:0px;\"><div class=\"fusion-column-wrapper fusion-flex-column-wrapper-legacy\"><div class=\"fusion-column-content-centered\"><div class=\"fusion-column-content\"><div class=\"fusion-image-element fusion-image-align-center in-legacy-container\" style=\"text-align:center;--awb-caption-title-font-family:var(--h2_typography-font-family);--awb-caption-title-font-weight:var(--h2_typography-font-weight);--awb-caption-title-font-style:var(--h2_typography-font-style);--awb-caption-title-size:var(--h2_typography-font-size);--awb-caption-title-transform:var(--h2_typography-text-transform);--awb-caption-title-line-height:var(--h2_typography-line-height);--awb-caption-title-letter-spacing:var(--h2_typography-letter-spacing);\"><div class=\"imageframe-align-center\"><span class=\" fusion-imageframe imageframe-none imageframe-2 hover-type-none\"><img decoding=\"async\" width=\"800\" height=\"533\" title=\"Cannes-017\" src=\"https:\/\/chiccompass.com\/wordpress\/wp-content\/uploads\/2024\/08\/Cannes-017.jpg\" alt class=\"img-responsive wp-image-7274\" srcset=\"https:\/\/chiccompass.com\/wordpress\/wp-content\/uploads\/2024\/08\/Cannes-017-200x133.jpg 200w, https:\/\/chiccompass.com\/wordpress\/wp-content\/uploads\/2024\/08\/Cannes-017-400x267.jpg 400w, https:\/\/chiccompass.com\/wordpress\/wp-content\/uploads\/2024\/08\/Cannes-017-600x400.jpg 600w, https:\/\/chiccompass.com\/wordpress\/wp-content\/uploads\/2024\/08\/Cannes-017.jpg 800w\" sizes=\"(max-width: 800px) 100vw, 800px\" \/><\/span><\/div><\/div><div class=\"fusion-text fusion-text-2\"><p style=\"text-align: center;\"><em>Screening of the Nora Aunor restored classic movie \"Bona\" at the 77th Cannes Film Festival Photo by Ruben V. Nepales.<\/em><\/p>\n<\/div><div class=\"fusion-sep-clear\"><\/div><div class=\"fusion-separator\" style=\"margin-left: auto;margin-right: auto;margin-top:20px;margin-bottom:50px;width:100%;max-width:70%;\"><\/div><div class=\"fusion-sep-clear\"><\/div><div class=\"fusion-text fusion-text-3\"><h1 style=\"text-align: center; color: #f0dc7e;\">A Look Back at the 2024 Cannes Film Festival<\/h1>\n<p style=\"text-align: center; letter-spacing: 4px;\">By Janet Susan R. Nepales<\/p>\n<\/div><div class=\"fusion-sep-clear\"><\/div><div class=\"fusion-separator\" style=\"margin-left: auto;margin-right: auto;margin-top:20px;margin-bottom:50px;width:100%;max-width:70%;\"><div class=\"fusion-separator-border sep-single sep-solid\" style=\"--awb-height:20px;--awb-amount:20px;--awb-sep-color:#ffffff;border-color:#ffffff;border-top-width:1px;\"><\/div><\/div><div class=\"fusion-sep-clear\"><\/div><div class=\"fusion-text fusion-text-4\"><p>Going to Cannes has always been one of the highlights of my journalism career, and I am blessed to have covered the prestigious film festival for the past 12 years.<\/p>\n<p>Watching award-winning films, interviewing the actors and filmmakers, walking the exciting red carpet with the stars and attending the after-parties and other events at the La Croisette always made me wide-eyed with joy and wonder, as if it were my first time all over again.<\/p>\n<p>This year's 77th Cannes Film Festival was extra special because 80 filmmakers, actors and producers from the Philippines attended, representing the country in various areas and categories of the festival, from the Directors Fortnight to the Cannes Classics. Budding directors, writers and actors showcased their films and even attended sessions and workshops with veteran filmmakers. They were also allowed to pitch their stories to potential distributors and producers. Some were also very grateful since it was their first time at the world-renowned festival.<\/p>\n<\/div><div class=\"fusion-image-element fusion-image-align-center in-legacy-container\" style=\"text-align:center;--awb-margin-top:30px;--awb-margin-bottom:10px;--awb-caption-title-font-family:var(--h2_typography-font-family);--awb-caption-title-font-weight:var(--h2_typography-font-weight);--awb-caption-title-font-style:var(--h2_typography-font-style);--awb-caption-title-size:var(--h2_typography-font-size);--awb-caption-title-transform:var(--h2_typography-text-transform);--awb-caption-title-line-height:var(--h2_typography-line-height);--awb-caption-title-letter-spacing:var(--h2_typography-letter-spacing);\"><div class=\"imageframe-align-center\"><span class=\" fusion-imageframe imageframe-none imageframe-3 hover-type-none\"><img decoding=\"async\" width=\"800\" height=\"469\" alt=\"Josh Yugen, Janet Susan R. Nepales, Michael Cinco, Miss Universe New Zealand Franki Russell, Aaron Pelegrino and Brian de Gracia in Cannes. Photo by Ruben V. Nepales.\" title=\"Cannes-020\" src=\"https:\/\/chiccompass.com\/wordpress\/wp-content\/uploads\/2024\/08\/Cannes-020.jpg\" class=\"img-responsive wp-image-7275\" srcset=\"https:\/\/chiccompass.com\/wordpress\/wp-content\/uploads\/2024\/08\/Cannes-020-200x117.jpg 200w, https:\/\/chiccompass.com\/wordpress\/wp-content\/uploads\/2024\/08\/Cannes-020-400x235.jpg 400w, https:\/\/chiccompass.com\/wordpress\/wp-content\/uploads\/2024\/08\/Cannes-020-600x352.jpg 600w, https:\/\/chiccompass.com\/wordpress\/wp-content\/uploads\/2024\/08\/Cannes-020.jpg 800w\" sizes=\"(max-width: 800px) 100vw, 800px\" \/><\/span><\/div><\/div><div class=\"fusion-text fusion-text-5 fusion-text-no-margin\" style=\"--awb-margin-bottom:30px;\"><p style=\"text-align: center;\"><em>Josh Yugen, Janet Susan R. Nepales, Michael Cinco, Miss Universe New Zealand Franki Russell, Aaron Pelegrino and Brian de Gracia in Cannes. Photo by Ruben V. Nepales.<\/em><\/p>\n<\/div><div class=\"fusion-text fusion-text-6\"><h3>Sean Baker's Love for Lino Brocka<\/h3>\n<p>I also felt very proud to see the restored classic Lino Brocka film \"Bona,\" starring superstar Nora Aunor, showcased at the Cannes Classics division with no less than Palme d'Or award-winning director-writer Sean Baker in attendance. \"I am a big fan of the late Lino Brocka,\" Baker revealed.<\/p>\n<p>He added, \"This is my first time seeing this Lino Brocka film, and I was blown away. I'm so happy that this is the way I'm first seeing it because this restoration is glowing. It's incredible. It's like one of those ideal situations in which I've been told that they thought that the negative might be lost, but no, the negative was safe and sound in Paris in a lab. Obviously, it was placed there by Pierre Rissient, and thank God he did that because now we have this classic that has been preserved and the restoration has now made it something that people can enjoy for generations. And it's a powerful film. It's a very powerful film. The lead, Nora (Aunor), is incredible in it. So, I'm really happy that it'll be getting a new life and because it really deserves an audience.\"<\/p>\n<p>The charming and boyish-looking Baker, who has seen such classic Brocka films like \"Insiang,\" \"Manila in the Claws of Light\" and \"Cain at Abel,\" said of Brocka, \"I've seen those because of the new restorations, but of course, I've always known about him being the most renowned Filipino director and the first to play Cannes in competition. So, I'm really glad that I'm gonna be able to continue to explore his work. I have 62 films to watch. (laughs) But why I'm drawn to him is because we both work in social realism and tackling the subject matter with this craft is right up my alley.\"<\/p>\n<p>Baker won for his dark romantic comedy \"Anora,\" which tells the story of Anora (ably portrayed by Mikey Madison), a sex worker from Brooklyn who meets and marries the son of an oligarch. Her Cinderella story, however, is threatened as the parents of her new Russian husband go to New York to get the marriage annulled.<\/p>\n<\/div><div class=\"fusion-image-element fusion-image-align-center in-legacy-container\" style=\"text-align:center;--awb-margin-top:30px;--awb-margin-bottom:10px;--awb-caption-title-font-family:var(--h2_typography-font-family);--awb-caption-title-font-weight:var(--h2_typography-font-weight);--awb-caption-title-font-style:var(--h2_typography-font-style);--awb-caption-title-size:var(--h2_typography-font-size);--awb-caption-title-transform:var(--h2_typography-text-transform);--awb-caption-title-line-height:var(--h2_typography-line-height);--awb-caption-title-letter-spacing:var(--h2_typography-letter-spacing);\"><div class=\"imageframe-align-center\"><span class=\" fusion-imageframe imageframe-none imageframe-4 hover-type-none\"><img decoding=\"async\" width=\"800\" height=\"422\" title=\"Cannes-018\" src=\"https:\/\/chiccompass.com\/wordpress\/wp-content\/uploads\/2024\/08\/Cannes-018.jpg\" alt class=\"img-responsive wp-image-7277\" srcset=\"https:\/\/chiccompass.com\/wordpress\/wp-content\/uploads\/2024\/08\/Cannes-018-200x106.jpg 200w, https:\/\/chiccompass.com\/wordpress\/wp-content\/uploads\/2024\/08\/Cannes-018-400x211.jpg 400w, https:\/\/chiccompass.com\/wordpress\/wp-content\/uploads\/2024\/08\/Cannes-018-600x317.jpg 600w, https:\/\/chiccompass.com\/wordpress\/wp-content\/uploads\/2024\/08\/Cannes-018.jpg 800w\" sizes=\"(max-width: 800px) 100vw, 800px\" \/><\/span><\/div><\/div><div class=\"fusion-text fusion-text-7 fusion-text-no-margin\" style=\"--awb-margin-bottom:30px;\"><p style=\"text-align: center;\"><em>Sean Baker and the cast of \"Anora\" at the 77th Cannes Film Festival. Photo by Janet Susan R. Nepales.<\/em><\/p>\n<\/div><div class=\"fusion-image-element fusion-image-align-center in-legacy-container\" style=\"text-align:center;--awb-margin-top:30px;--awb-margin-bottom:10px;--awb-caption-title-font-family:var(--h2_typography-font-family);--awb-caption-title-font-weight:var(--h2_typography-font-weight);--awb-caption-title-font-style:var(--h2_typography-font-style);--awb-caption-title-size:var(--h2_typography-font-size);--awb-caption-title-transform:var(--h2_typography-text-transform);--awb-caption-title-line-height:var(--h2_typography-line-height);--awb-caption-title-letter-spacing:var(--h2_typography-letter-spacing);\"><div class=\"imageframe-align-center\"><span class=\" fusion-imageframe imageframe-none imageframe-5 hover-type-none\"><img decoding=\"async\" width=\"800\" height=\"451\" alt=\"Some of the Filipino filmmakers who attended the 77th Cannes Film Festival. Photo by Janet Susan R. Nepales.\" title=\"Cannes-016\" src=\"https:\/\/chiccompass.com\/wordpress\/wp-content\/uploads\/2024\/08\/Cannes-016.jpg\" class=\"img-responsive wp-image-7276\" srcset=\"https:\/\/chiccompass.com\/wordpress\/wp-content\/uploads\/2024\/08\/Cannes-016-200x113.jpg 200w, https:\/\/chiccompass.com\/wordpress\/wp-content\/uploads\/2024\/08\/Cannes-016-400x226.jpg 400w, https:\/\/chiccompass.com\/wordpress\/wp-content\/uploads\/2024\/08\/Cannes-016-600x338.jpg 600w, https:\/\/chiccompass.com\/wordpress\/wp-content\/uploads\/2024\/08\/Cannes-016.jpg 800w\" sizes=\"(max-width: 800px) 100vw, 800px\" \/><\/span><\/div><\/div><div class=\"fusion-text fusion-text-8 fusion-text-no-margin\" style=\"--awb-margin-bottom:30px;\"><p style=\"text-align: center;\"><em>Some of the Filipino filmmakers who attended the 77th Cannes Film Festival. Photo by Janet Susan R. Nepales.<\/em><\/p>\n<\/div><div class=\"fusion-image-element fusion-image-align-center in-legacy-container\" style=\"text-align:center;--awb-margin-top:30px;--awb-margin-bottom:10px;--awb-caption-title-font-family:var(--h2_typography-font-family);--awb-caption-title-font-weight:var(--h2_typography-font-weight);--awb-caption-title-font-style:var(--h2_typography-font-style);--awb-caption-title-size:var(--h2_typography-font-size);--awb-caption-title-transform:var(--h2_typography-text-transform);--awb-caption-title-line-height:var(--h2_typography-line-height);--awb-caption-title-letter-spacing:var(--h2_typography-letter-spacing);\"><div class=\"imageframe-align-center\"><span class=\" fusion-imageframe imageframe-none imageframe-6 hover-type-none\"><img decoding=\"async\" width=\"800\" height=\"956\" title=\"Cannes-019\" src=\"https:\/\/chiccompass.com\/wordpress\/wp-content\/uploads\/2024\/08\/Cannes-019.jpg\" alt class=\"img-responsive wp-image-7278\" srcset=\"https:\/\/chiccompass.com\/wordpress\/wp-content\/uploads\/2024\/08\/Cannes-019-200x239.jpg 200w, https:\/\/chiccompass.com\/wordpress\/wp-content\/uploads\/2024\/08\/Cannes-019-400x478.jpg 400w, https:\/\/chiccompass.com\/wordpress\/wp-content\/uploads\/2024\/08\/Cannes-019-600x717.jpg 600w, https:\/\/chiccompass.com\/wordpress\/wp-content\/uploads\/2024\/08\/Cannes-019.jpg 800w\" sizes=\"(max-width: 800px) 100vw, 800px\" \/><\/span><\/div><\/div><div class=\"fusion-text fusion-text-9 fusion-text-no-margin\" style=\"--awb-margin-bottom:30px;\"><p style=\"text-align: center;\"><em>The author with filmmaker Sean Baker of \"Anora\" and his wife\/producer Samantha Quan. Baker won the Palme d'Or award at Cannes for his film. Photo by Ruben V. Nepales.<\/em><\/p>\n<\/div><div class=\"fusion-text fusion-text-10\"><h3>Meryl Streep Receives the Palme d'Or Award<\/h3>\n<p>Multi-talented Meryl Streep became emotional as she received the honorary Palme d'Or award from actress Juliette Binoche, who turned teary-eyed. \"You're an international treasure who has changed the way we look at women in the cinema world,\" Binoche said. \"And also, you helped us look at ourselves differently.\"<\/p>\n<p>Streep, 74, also got emotional and said, \"Thirty-five years ago, when I was here for the first time, I was already a mother of three. I was about to turn 40, and I thought that my career was over. And that wasn't an unrealistic expectation for actresses at that time. But my mother, who was usually right about everything, said to me, 'Meryl, darling, you'll see it all goes so fast. So fast.' And it does. Except for my speech, which is too long.\"<\/p>\n<\/div><div class=\"fusion-image-element fusion-image-align-center in-legacy-container\" style=\"text-align:center;--awb-margin-top:30px;--awb-margin-bottom:10px;--awb-caption-title-font-family:var(--h2_typography-font-family);--awb-caption-title-font-weight:var(--h2_typography-font-weight);--awb-caption-title-font-style:var(--h2_typography-font-style);--awb-caption-title-size:var(--h2_typography-font-size);--awb-caption-title-transform:var(--h2_typography-text-transform);--awb-caption-title-line-height:var(--h2_typography-line-height);--awb-caption-title-letter-spacing:var(--h2_typography-letter-spacing);\"><div class=\"imageframe-align-center\"><span class=\" fusion-imageframe imageframe-none imageframe-7 hover-type-none\"><img decoding=\"async\" width=\"800\" height=\"571\" alt=\"Meryl Streep, recipient of an honorary Palme d&#039;Or award at the 77th Cannes Film Festival. Photo by Earl Gibson III.\" title=\"Cannes-005\" src=\"https:\/\/chiccompass.com\/wordpress\/wp-content\/uploads\/2024\/08\/Cannes-005.jpg\" class=\"img-responsive wp-image-7279\" srcset=\"https:\/\/chiccompass.com\/wordpress\/wp-content\/uploads\/2024\/08\/Cannes-005-200x143.jpg 200w, https:\/\/chiccompass.com\/wordpress\/wp-content\/uploads\/2024\/08\/Cannes-005-400x286.jpg 400w, https:\/\/chiccompass.com\/wordpress\/wp-content\/uploads\/2024\/08\/Cannes-005-600x428.jpg 600w, https:\/\/chiccompass.com\/wordpress\/wp-content\/uploads\/2024\/08\/Cannes-005.jpg 800w\" sizes=\"(max-width: 800px) 100vw, 800px\" \/><\/span><\/div><\/div><div class=\"fusion-text fusion-text-11 fusion-text-no-margin\" style=\"--awb-margin-bottom:30px;\"><p style=\"text-align: center;\"><em>Meryl Streep, recipient of an honorary Palme d'Or award at the 77th Cannes Film Festival. Photo by Earl Gibson III.<\/em><\/p>\n<\/div><div class=\"fusion-text fusion-text-12 fusion-text-no-margin\" style=\"--awb-margin-bottom:30px;\"><h3>Big Film Premieres<\/h3>\n<p>Several big films premiered at the 77th Cannes Film Festival, including:<\/p>\n<ul>\n<li>Francis Ford Coppola's epic science fiction drama \"Megalopolis,\" starring Adam Driver and Shia LaBeouf<\/li>\n<li>George Miller's post-apocalyptic action film \"Furiosa: A Mad Max Saga,\" starring Anya Taylor-Joy and Chris Hemsworth<\/li>\n<li>Kevin Costner's Western epic film \"Horizon: An American Saga,\" starring Costner himself and Sienna Miller<\/li>\n<li>Sean Baker's award-winning \"Anora\"<\/li>\n<li>Paul Schrader's drama \"Oh, Canada,\" starring Richard Gere and Uma Thurman<\/li>\n<li>Yorgos Lanthimos' absurdist black comedy \"Kinds of Kindness,\" starring Emma Stone, Jesse Plemons and Willem Dafoe<\/li>\n<li>\"Rumours,\" a black comedy film starring Cate Blanchett and Alicia Vikander<\/li>\n<li>Jacques Audiard's Spanish language musical drama \"Emilia P\u00e9rez,\" starring Selena Gomez, Zo\u00eb Salda\u00f1a, Adriana Paz and Karla Sof\u00eda Gasc\u00f3n<\/li>\n<li>\"The Substance,\" a horror film starring Demi Moore<\/li>\n<li>Lorcan Finnegan's \"The Surfer\" starring Nicolas Cage<\/li>\n<\/ul>\n<\/div><div class=\"fusion-builder-row fusion-builder-row-inner fusion-row\"><div class=\"fusion-layout-column fusion_builder_column_inner fusion-builder-nested-column-0 fusion_builder_column_inner_1_3 1_3 fusion-one-third fusion-column-first\" style=\"--awb-bg-size:cover;width:33.333333333333%;width:calc(33.333333333333% - ( ( 4% + 4% ) * 0.33333333333333 ) );margin-right: 4%;\"><div class=\"fusion-column-wrapper fusion-column-has-shadow fusion-flex-column-wrapper-legacy\"><div class=\"fusion-image-element in-legacy-container\" style=\"--awb-caption-title-font-family:var(--h2_typography-font-family);--awb-caption-title-font-weight:var(--h2_typography-font-weight);--awb-caption-title-font-style:var(--h2_typography-font-style);--awb-caption-title-size:var(--h2_typography-font-size);--awb-caption-title-transform:var(--h2_typography-text-transform);--awb-caption-title-line-height:var(--h2_typography-line-height);--awb-caption-title-letter-spacing:var(--h2_typography-letter-spacing);\"><span class=\" fusion-imageframe imageframe-none imageframe-8 hover-type-none\"><img decoding=\"async\" width=\"800\" height=\"1200\" alt=\"Juror actress Lily Gladstone at the 77th Cannes Film Festival. Photo by Earl Gibson III.\" title=\"Cannes-003\" src=\"https:\/\/chiccompass.com\/wordpress\/wp-content\/uploads\/2024\/08\/Cannes-003.jpg\" class=\"img-responsive wp-image-7281\" srcset=\"https:\/\/chiccompass.com\/wordpress\/wp-content\/uploads\/2024\/08\/Cannes-003-200x300.jpg 200w, https:\/\/chiccompass.com\/wordpress\/wp-content\/uploads\/2024\/08\/Cannes-003-400x600.jpg 400w, https:\/\/chiccompass.com\/wordpress\/wp-content\/uploads\/2024\/08\/Cannes-003-600x900.jpg 600w, https:\/\/chiccompass.com\/wordpress\/wp-content\/uploads\/2024\/08\/Cannes-003.jpg 800w\" sizes=\"(max-width: 800px) 100vw, (max-width: 1919px) 600px,(min-width: 1920px) 33vw\" \/><\/span><\/div><div class=\"fusion-text fusion-text-13\"><p style=\"text-align: center;\"><em>Juror actress Lily Gladstone at the 77th Cannes Film Festival. Photo by Earl Gibson III.<\/em><\/p>\n<\/div><div class=\"fusion-clearfix\"><\/div><\/div><\/div><div class=\"fusion-layout-column fusion_builder_column_inner fusion-builder-nested-column-1 fusion_builder_column_inner_1_3 1_3 fusion-one-third\" style=\"--awb-bg-size:cover;width:33.333333333333%;width:calc(33.333333333333% - ( ( 4% + 4% ) * 0.33333333333333 ) );margin-right: 4%;\"><div class=\"fusion-column-wrapper fusion-column-has-shadow fusion-flex-column-wrapper-legacy\"><div class=\"fusion-image-element in-legacy-container\" style=\"--awb-caption-title-font-family:var(--h2_typography-font-family);--awb-caption-title-font-weight:var(--h2_typography-font-weight);--awb-caption-title-font-style:var(--h2_typography-font-style);--awb-caption-title-size:var(--h2_typography-font-size);--awb-caption-title-transform:var(--h2_typography-text-transform);--awb-caption-title-line-height:var(--h2_typography-line-height);--awb-caption-title-letter-spacing:var(--h2_typography-letter-spacing);\"><span class=\" fusion-imageframe imageframe-none imageframe-9 hover-type-none\"><img decoding=\"async\" width=\"800\" height=\"1120\" alt=\"Jane Fonda at the 77th Cannes Film Festival. Photo by Earl Gibson III.\" title=\"Cannes-004\" src=\"https:\/\/chiccompass.com\/wordpress\/wp-content\/uploads\/2024\/08\/Cannes-004.jpg\" class=\"img-responsive wp-image-7280\" srcset=\"https:\/\/chiccompass.com\/wordpress\/wp-content\/uploads\/2024\/08\/Cannes-004-200x280.jpg 200w, https:\/\/chiccompass.com\/wordpress\/wp-content\/uploads\/2024\/08\/Cannes-004-400x560.jpg 400w, https:\/\/chiccompass.com\/wordpress\/wp-content\/uploads\/2024\/08\/Cannes-004-600x840.jpg 600w, https:\/\/chiccompass.com\/wordpress\/wp-content\/uploads\/2024\/08\/Cannes-004.jpg 800w\" sizes=\"(max-width: 800px) 100vw, (max-width: 1919px) 600px,(min-width: 1920px) 33vw\" \/><\/span><\/div><div class=\"fusion-text fusion-text-14\"><p style=\"text-align: center;\"><em>Jane Fonda at the 77th Cannes Film Festival. Photo by Earl Gibson III.<\/em><\/p>\n<\/div><div class=\"fusion-clearfix\"><\/div><\/div><\/div><div class=\"fusion-layout-column fusion_builder_column_inner fusion-builder-nested-column-2 fusion_builder_column_inner_1_3 1_3 fusion-one-third fusion-column-last\" style=\"--awb-bg-size:cover;width:33.333333333333%;width:calc(33.333333333333% - ( ( 4% + 4% ) * 0.33333333333333 ) );\"><div class=\"fusion-column-wrapper fusion-column-has-shadow fusion-flex-column-wrapper-legacy\"><div class=\"fusion-image-element in-legacy-container\" style=\"--awb-caption-title-font-family:var(--h2_typography-font-family);--awb-caption-title-font-weight:var(--h2_typography-font-weight);--awb-caption-title-font-style:var(--h2_typography-font-style);--awb-caption-title-size:var(--h2_typography-font-size);--awb-caption-title-transform:var(--h2_typography-text-transform);--awb-caption-title-line-height:var(--h2_typography-line-height);--awb-caption-title-letter-spacing:var(--h2_typography-letter-spacing);\"><span class=\" fusion-imageframe imageframe-none imageframe-10 hover-type-none\"><img decoding=\"async\" width=\"800\" height=\"1200\" alt=\"Salma Hayek at the 77th Cannes Film Festival. Photo by Earl Gibson III.\" title=\"Cannes-012\" src=\"https:\/\/chiccompass.com\/wordpress\/wp-content\/uploads\/2024\/08\/Cannes-012.jpg\" class=\"img-responsive wp-image-7282\" srcset=\"https:\/\/chiccompass.com\/wordpress\/wp-content\/uploads\/2024\/08\/Cannes-012-200x300.jpg 200w, https:\/\/chiccompass.com\/wordpress\/wp-content\/uploads\/2024\/08\/Cannes-012-400x600.jpg 400w, https:\/\/chiccompass.com\/wordpress\/wp-content\/uploads\/2024\/08\/Cannes-012-600x900.jpg 600w, https:\/\/chiccompass.com\/wordpress\/wp-content\/uploads\/2024\/08\/Cannes-012.jpg 800w\" sizes=\"(max-width: 800px) 100vw, (max-width: 1919px) 600px,(min-width: 1920px) 33vw\" \/><\/span><\/div><div class=\"fusion-text fusion-text-15\"><p style=\"text-align: center;\"><em>Salma Hayek at the 77th Cannes Film Festival. Photo by Earl Gibson III.<\/em><\/p>\n<\/div><div class=\"fusion-clearfix\"><\/div><\/div><\/div><\/div><div class=\"fusion-text fusion-text-16 fusion-text-no-margin\" style=\"--awb-margin-bottom:30px;\"><h3>Greta Gerwig Leads the Jury<\/h3>\n<p>Greta Gerwig, writer and director for \"Barbie,\" was a welcome addition to the Cannes Film Festival jury.<\/p>\n<p>In addition to being the first female American director to be named president of the jury, Gerwig, 40, is the youngest person to assume the role since Sofia Loren, at 31 years old, did so in 1966. After actress Olivia de Havilland became the first female jury president in 1965, Gerwig is the second American woman and the second female director to hold the position, following Jane Campion in 2014.<\/p>\n<p>Lily Gladstone, 37, the first Native American to win the Golden Globe Award for Best Actress in a Motion Picture \u2013 Drama and nominated for the Academy Award for Best Actress for \"Killers of the Flower Moon,\" was also a jury member.<\/p>\n<p>On their choice of \"Anora\" as the best of the crop in a very competitive year, Gerwig said in an interview, \"We really led with our hearts for everything we watched. It was an embarrassment of riches this year in terms of cinema. We (the jury) could have been talking into next week. We chose \"Anora\" because there was something that reminded us of a classic. There were structures of Lubitsch and Howard Hawks. It did something truthful and unexpected. Every single performance we loved. Their faces we felt. We were invited to be on a journey. It was heart-forward in terms of choosing.\"<\/p>\n<p>The jury also awarded the Best Actress to the female ensemble of \"Emilia P\u00e9rez.\" Gerwig explained their unique choice in an interview: \"Women together \u2013 that's something we wanted to honor when we made this award. Each of them is a standout, but together transcendent.\"<\/p>\n<p>Other members of the jury included French actress Eva Green, Lebanese director and screenwriter Nadine Labaki, Spanish director and screenwriter Juan Antonio Bayona, Turkish screenwriter and photographer Ebru Ceylan, Italian actor Pierfrancesco Favino, Japanese director Hirokazu Kore-eda and French actor and producer Omar Sy.<\/p>\n<\/div><div class=\"fusion-builder-row fusion-builder-row-inner fusion-row\"><div class=\"fusion-layout-column fusion_builder_column_inner fusion-builder-nested-column-3 fusion_builder_column_inner_1_3 1_3 fusion-one-third fusion-column-first\" style=\"--awb-bg-size:cover;width:33.333333333333%;width:calc(33.333333333333% - ( ( 4% + 4% ) * 0.33333333333333 ) );margin-right: 4%;\"><div class=\"fusion-column-wrapper fusion-column-has-shadow fusion-flex-column-wrapper-legacy\"><div class=\"fusion-image-element in-legacy-container\" style=\"--awb-caption-title-font-family:var(--h2_typography-font-family);--awb-caption-title-font-weight:var(--h2_typography-font-weight);--awb-caption-title-font-style:var(--h2_typography-font-style);--awb-caption-title-size:var(--h2_typography-font-size);--awb-caption-title-transform:var(--h2_typography-text-transform);--awb-caption-title-line-height:var(--h2_typography-line-height);--awb-caption-title-letter-spacing:var(--h2_typography-letter-spacing);\"><span class=\" fusion-imageframe imageframe-none imageframe-11 hover-type-none\"><img decoding=\"async\" width=\"800\" height=\"1200\" alt=\"Greta Gerwig president of the jury at the 77th Cannes Film Festival. Photo by Earl Gibson III.\" title=\"Cannes-006\" src=\"https:\/\/chiccompass.com\/wordpress\/wp-content\/uploads\/2024\/08\/Cannes-006.jpg\" class=\"img-responsive wp-image-7283\" srcset=\"https:\/\/chiccompass.com\/wordpress\/wp-content\/uploads\/2024\/08\/Cannes-006-200x300.jpg 200w, https:\/\/chiccompass.com\/wordpress\/wp-content\/uploads\/2024\/08\/Cannes-006-400x600.jpg 400w, https:\/\/chiccompass.com\/wordpress\/wp-content\/uploads\/2024\/08\/Cannes-006-600x900.jpg 600w, https:\/\/chiccompass.com\/wordpress\/wp-content\/uploads\/2024\/08\/Cannes-006.jpg 800w\" sizes=\"(max-width: 800px) 100vw, (max-width: 1919px) 600px,(min-width: 1920px) 33vw\" \/><\/span><\/div><div class=\"fusion-text fusion-text-17\"><p style=\"text-align: center;\"><em>Greta Gerwig president of the jury at the 77th Cannes Film Festival. Photo by Earl Gibson III.<\/em><\/p>\n<\/div><div class=\"fusion-clearfix\"><\/div><\/div><\/div><div class=\"fusion-layout-column fusion_builder_column_inner fusion-builder-nested-column-4 fusion_builder_column_inner_1_3 1_3 fusion-one-third\" style=\"--awb-bg-size:cover;width:33.333333333333%;width:calc(33.333333333333% - ( ( 4% + 4% ) * 0.33333333333333 ) );margin-right: 4%;\"><div class=\"fusion-column-wrapper fusion-column-has-shadow fusion-flex-column-wrapper-legacy\"><div class=\"fusion-image-element in-legacy-container\" style=\"--awb-caption-title-font-family:var(--h2_typography-font-family);--awb-caption-title-font-weight:var(--h2_typography-font-weight);--awb-caption-title-font-style:var(--h2_typography-font-style);--awb-caption-title-size:var(--h2_typography-font-size);--awb-caption-title-transform:var(--h2_typography-text-transform);--awb-caption-title-line-height:var(--h2_typography-line-height);--awb-caption-title-letter-spacing:var(--h2_typography-letter-spacing);\"><span class=\" fusion-imageframe imageframe-none imageframe-12 hover-type-none\"><img decoding=\"async\" width=\"800\" height=\"1039\" title=\"Cannes-002\" src=\"https:\/\/chiccompass.com\/wordpress\/wp-content\/uploads\/2024\/08\/Cannes-002.jpg\" alt class=\"img-responsive wp-image-7285\" srcset=\"https:\/\/chiccompass.com\/wordpress\/wp-content\/uploads\/2024\/08\/Cannes-002-200x260.jpg 200w, https:\/\/chiccompass.com\/wordpress\/wp-content\/uploads\/2024\/08\/Cannes-002-400x520.jpg 400w, https:\/\/chiccompass.com\/wordpress\/wp-content\/uploads\/2024\/08\/Cannes-002-600x779.jpg 600w, https:\/\/chiccompass.com\/wordpress\/wp-content\/uploads\/2024\/08\/Cannes-002.jpg 800w\" sizes=\"(max-width: 800px) 100vw, (max-width: 1919px) 600px,(min-width: 1920px) 33vw\" \/><\/span><\/div><div class=\"fusion-text fusion-text-18\"><p style=\"text-align: center;\"><em>Legendary filmmaker Francis Ford Coppola with his \"Megalopolis\" actor Adam Driver at the 77th Cannes Film Festival. Photo by Earl Gibson III.<\/em><\/p>\n<\/div><div class=\"fusion-clearfix\"><\/div><\/div><\/div><div class=\"fusion-layout-column fusion_builder_column_inner fusion-builder-nested-column-5 fusion_builder_column_inner_1_3 1_3 fusion-one-third fusion-column-last\" style=\"--awb-bg-size:cover;width:33.333333333333%;width:calc(33.333333333333% - ( ( 4% + 4% ) * 0.33333333333333 ) );\"><div class=\"fusion-column-wrapper fusion-column-has-shadow fusion-flex-column-wrapper-legacy\"><div class=\"fusion-image-element in-legacy-container\" style=\"--awb-caption-title-font-family:var(--h2_typography-font-family);--awb-caption-title-font-weight:var(--h2_typography-font-weight);--awb-caption-title-font-style:var(--h2_typography-font-style);--awb-caption-title-size:var(--h2_typography-font-size);--awb-caption-title-transform:var(--h2_typography-text-transform);--awb-caption-title-line-height:var(--h2_typography-line-height);--awb-caption-title-letter-spacing:var(--h2_typography-letter-spacing);\"><span class=\" fusion-imageframe imageframe-none imageframe-13 hover-type-none\"><img decoding=\"async\" width=\"800\" height=\"1216\" alt=\"Demi Moore at the 77th Cannes Film Festival. Photo by Earl Gibson III.\" title=\"Cannes-007\" src=\"https:\/\/chiccompass.com\/wordpress\/wp-content\/uploads\/2024\/08\/Cannes-007.jpg\" class=\"img-responsive wp-image-7284\" srcset=\"https:\/\/chiccompass.com\/wordpress\/wp-content\/uploads\/2024\/08\/Cannes-007-200x304.jpg 200w, https:\/\/chiccompass.com\/wordpress\/wp-content\/uploads\/2024\/08\/Cannes-007-400x608.jpg 400w, https:\/\/chiccompass.com\/wordpress\/wp-content\/uploads\/2024\/08\/Cannes-007-600x912.jpg 600w, https:\/\/chiccompass.com\/wordpress\/wp-content\/uploads\/2024\/08\/Cannes-007.jpg 800w\" sizes=\"(max-width: 800px) 100vw, (max-width: 1919px) 600px,(min-width: 1920px) 33vw\" \/><\/span><\/div><div class=\"fusion-text fusion-text-19\"><p style=\"text-align: center;\"><em>Demi Moore at the 77th Cannes Film Festival. Photo by Earl Gibson III.<\/em><\/p>\n<\/div><div class=\"fusion-clearfix\"><\/div><\/div><\/div><\/div><div class=\"fusion-builder-row fusion-builder-row-inner fusion-row\"><div class=\"fusion-layout-column fusion_builder_column_inner fusion-builder-nested-column-6 fusion_builder_column_inner_1_3 1_3 fusion-one-third fusion-column-first\" style=\"--awb-bg-size:cover;width:33.333333333333%;width:calc(33.333333333333% - ( ( 4% + 4% ) * 0.33333333333333 ) );margin-right: 4%;\"><div class=\"fusion-column-wrapper fusion-column-has-shadow fusion-flex-column-wrapper-legacy\"><div class=\"fusion-image-element in-legacy-container\" style=\"--awb-caption-title-font-family:var(--h2_typography-font-family);--awb-caption-title-font-weight:var(--h2_typography-font-weight);--awb-caption-title-font-style:var(--h2_typography-font-style);--awb-caption-title-size:var(--h2_typography-font-size);--awb-caption-title-transform:var(--h2_typography-text-transform);--awb-caption-title-line-height:var(--h2_typography-line-height);--awb-caption-title-letter-spacing:var(--h2_typography-letter-spacing);\"><span class=\" fusion-imageframe imageframe-none imageframe-14 hover-type-none\"><img decoding=\"async\" width=\"800\" height=\"1065\" alt=\"Selena Gomez at the 77th Cannes Film Festival. Photo by Earl Gibson III.\" title=\"Cannes-013\" src=\"https:\/\/chiccompass.com\/wordpress\/wp-content\/uploads\/2024\/08\/Cannes-013.jpg\" class=\"img-responsive wp-image-7288\" srcset=\"https:\/\/chiccompass.com\/wordpress\/wp-content\/uploads\/2024\/08\/Cannes-013-200x266.jpg 200w, https:\/\/chiccompass.com\/wordpress\/wp-content\/uploads\/2024\/08\/Cannes-013-400x533.jpg 400w, https:\/\/chiccompass.com\/wordpress\/wp-content\/uploads\/2024\/08\/Cannes-013-600x799.jpg 600w, https:\/\/chiccompass.com\/wordpress\/wp-content\/uploads\/2024\/08\/Cannes-013.jpg 800w\" sizes=\"(max-width: 800px) 100vw, (max-width: 1919px) 600px,(min-width: 1920px) 33vw\" \/><\/span><\/div><div class=\"fusion-text fusion-text-20\"><p style=\"text-align: center;\"><em>Selena Gomez at the 77th Cannes Film Festival. Photo by Earl Gibson III.<\/em><\/p>\n<\/div><div class=\"fusion-clearfix\"><\/div><\/div><\/div><div class=\"fusion-layout-column fusion_builder_column_inner fusion-builder-nested-column-7 fusion_builder_column_inner_1_3 1_3 fusion-one-third\" style=\"--awb-bg-size:cover;width:33.333333333333%;width:calc(33.333333333333% - ( ( 4% + 4% ) * 0.33333333333333 ) );margin-right: 4%;\"><div class=\"fusion-column-wrapper fusion-column-has-shadow fusion-flex-column-wrapper-legacy\"><div class=\"fusion-image-element in-legacy-container\" style=\"--awb-caption-title-font-family:var(--h2_typography-font-family);--awb-caption-title-font-weight:var(--h2_typography-font-weight);--awb-caption-title-font-style:var(--h2_typography-font-style);--awb-caption-title-size:var(--h2_typography-font-size);--awb-caption-title-transform:var(--h2_typography-text-transform);--awb-caption-title-line-height:var(--h2_typography-line-height);--awb-caption-title-letter-spacing:var(--h2_typography-letter-spacing);\"><span class=\" fusion-imageframe imageframe-none imageframe-15 hover-type-none\"><img decoding=\"async\" width=\"800\" height=\"1096\" title=\"Cannes-011\" src=\"https:\/\/chiccompass.com\/wordpress\/wp-content\/uploads\/2024\/08\/Cannes-011.jpg\" alt class=\"img-responsive wp-image-7286\" srcset=\"https:\/\/chiccompass.com\/wordpress\/wp-content\/uploads\/2024\/08\/Cannes-011-200x274.jpg 200w, https:\/\/chiccompass.com\/wordpress\/wp-content\/uploads\/2024\/08\/Cannes-011-400x548.jpg 400w, https:\/\/chiccompass.com\/wordpress\/wp-content\/uploads\/2024\/08\/Cannes-011-600x822.jpg 600w, https:\/\/chiccompass.com\/wordpress\/wp-content\/uploads\/2024\/08\/Cannes-011.jpg 800w\" sizes=\"(max-width: 800px) 100vw, (max-width: 1919px) 600px,(min-width: 1920px) 33vw\" \/><\/span><\/div><div class=\"fusion-text fusion-text-21\"><p style=\"text-align: center;\"><em>Kevin Costner of \"Horizon: An American Saga\" at the 77th Cannes Film Festival. Photo by Earl Gibson III.<\/em><\/p>\n<\/div><div class=\"fusion-clearfix\"><\/div><\/div><\/div><div class=\"fusion-layout-column fusion_builder_column_inner fusion-builder-nested-column-8 fusion_builder_column_inner_1_3 1_3 fusion-one-third fusion-column-last\" style=\"--awb-bg-size:cover;width:33.333333333333%;width:calc(33.333333333333% - ( ( 4% + 4% ) * 0.33333333333333 ) );\"><div class=\"fusion-column-wrapper fusion-column-has-shadow fusion-flex-column-wrapper-legacy\"><div class=\"fusion-image-element in-legacy-container\" style=\"--awb-caption-title-font-family:var(--h2_typography-font-family);--awb-caption-title-font-weight:var(--h2_typography-font-weight);--awb-caption-title-font-style:var(--h2_typography-font-style);--awb-caption-title-size:var(--h2_typography-font-size);--awb-caption-title-transform:var(--h2_typography-text-transform);--awb-caption-title-line-height:var(--h2_typography-line-height);--awb-caption-title-letter-spacing:var(--h2_typography-letter-spacing);\"><span class=\" fusion-imageframe imageframe-none imageframe-16 hover-type-none\"><img decoding=\"async\" width=\"800\" height=\"992\" title=\"Cannes-014\" src=\"https:\/\/chiccompass.com\/wordpress\/wp-content\/uploads\/2024\/08\/Cannes-014.jpg\" alt class=\"img-responsive wp-image-7287\" srcset=\"https:\/\/chiccompass.com\/wordpress\/wp-content\/uploads\/2024\/08\/Cannes-014-200x248.jpg 200w, https:\/\/chiccompass.com\/wordpress\/wp-content\/uploads\/2024\/08\/Cannes-014-400x496.jpg 400w, https:\/\/chiccompass.com\/wordpress\/wp-content\/uploads\/2024\/08\/Cannes-014-600x744.jpg 600w, https:\/\/chiccompass.com\/wordpress\/wp-content\/uploads\/2024\/08\/Cannes-014.jpg 800w\" sizes=\"(max-width: 800px) 100vw, (max-width: 1919px) 600px,(min-width: 1920px) 33vw\" \/><\/span><\/div><div class=\"fusion-text fusion-text-22\"><p style=\"text-align: center;\"><em>Kevin Costner of \"Horizon: An American Saga\" at the 77th Cannes Film Festival. Photo by Earl Gibson III.<\/em><\/p>\n<\/div><div class=\"fusion-clearfix\"><\/div><\/div><\/div><\/div><div class=\"fusion-image-element fusion-image-align-center in-legacy-container\" style=\"text-align:center;--awb-margin-top:30px;--awb-margin-bottom:10px;--awb-caption-title-font-family:var(--h2_typography-font-family);--awb-caption-title-font-weight:var(--h2_typography-font-weight);--awb-caption-title-font-style:var(--h2_typography-font-style);--awb-caption-title-size:var(--h2_typography-font-size);--awb-caption-title-transform:var(--h2_typography-text-transform);--awb-caption-title-line-height:var(--h2_typography-line-height);--awb-caption-title-letter-spacing:var(--h2_typography-letter-spacing);\"><div class=\"imageframe-align-center\"><span class=\" fusion-imageframe imageframe-none imageframe-17 hover-type-none\"><img decoding=\"async\" width=\"800\" height=\"312\" title=\"Cannes-010\" src=\"https:\/\/chiccompass.com\/wordpress\/wp-content\/uploads\/2024\/08\/Cannes-010.jpg\" alt class=\"img-responsive wp-image-7289\" srcset=\"https:\/\/chiccompass.com\/wordpress\/wp-content\/uploads\/2024\/08\/Cannes-010-200x78.jpg 200w, https:\/\/chiccompass.com\/wordpress\/wp-content\/uploads\/2024\/08\/Cannes-010-400x156.jpg 400w, https:\/\/chiccompass.com\/wordpress\/wp-content\/uploads\/2024\/08\/Cannes-010-600x234.jpg 600w, https:\/\/chiccompass.com\/wordpress\/wp-content\/uploads\/2024\/08\/Cannes-010.jpg 800w\" sizes=\"(max-width: 800px) 100vw, 800px\" \/><\/span><\/div><\/div><div class=\"fusion-text fusion-text-23 fusion-text-no-margin\" style=\"--awb-margin-bottom:30px;\"><p style=\"text-align: center;\"><em>The cast of \"Kinds of Kindness\" at the 77th Cannes Film Festival. Photo by Earl Gibson III.<\/em><\/p>\n<\/div><div class=\"fusion-text fusion-text-24 fusion-text-no-margin\" style=\"--awb-margin-bottom:30px;\"><h3>Other Highlights and Notable Attendees<\/h3>\n<p>Catherine Deneuve, last year's festival poster girl, attended the 77th Cannes Film Festival with her daughter Chiara Mastroianni and was seen at the premiere of Christophe Honor\u00e9's comedy \"Marcello Mio.\"<\/p>\n<p>Deneuve also attended Kering's Women in Motion Awards night, where NBCUniversal Studios Group chairperson and chief content officer Donna Langley, DBE, received the coveted award. Last year's recipient, Michelle Yeoh, also attended the event, which recognized women who made breakthroughs in film.<\/p>\n<p>Held at Place de la Castre in Cannes, other past Women in Motion Award recipients are Jane Fonda, Isabelle Huppert, Patty Jenkins, Gong Li, Salma Hayek, Viola Davis, Geena Davis and Susan Sarandon.<\/p>\n<\/div><div class=\"fusion-builder-row fusion-builder-row-inner fusion-row\"><div class=\"fusion-layout-column fusion_builder_column_inner fusion-builder-nested-column-9 fusion_builder_column_inner_1_3 1_3 fusion-one-third fusion-column-first\" style=\"--awb-bg-size:cover;width:33.333333333333%;width:calc(33.333333333333% - ( ( 4% + 4% ) * 0.33333333333333 ) );margin-right: 4%;\"><div class=\"fusion-column-wrapper fusion-column-has-shadow fusion-flex-column-wrapper-legacy\"><div class=\"fusion-image-element in-legacy-container\" style=\"--awb-caption-title-font-family:var(--h2_typography-font-family);--awb-caption-title-font-weight:var(--h2_typography-font-weight);--awb-caption-title-font-style:var(--h2_typography-font-style);--awb-caption-title-size:var(--h2_typography-font-size);--awb-caption-title-transform:var(--h2_typography-text-transform);--awb-caption-title-line-height:var(--h2_typography-line-height);--awb-caption-title-letter-spacing:var(--h2_typography-letter-spacing);\"><span class=\" fusion-imageframe imageframe-none imageframe-18 hover-type-none\"><img decoding=\"async\" width=\"800\" height=\"533\" alt=\"Catherine Deneuve at the 77th Cannes Film Festival. Photo by Earl Gibson III.\" title=\"Cannes-015\" src=\"https:\/\/chiccompass.com\/wordpress\/wp-content\/uploads\/2024\/08\/Cannes-015.jpg\" class=\"img-responsive wp-image-7291\" srcset=\"https:\/\/chiccompass.com\/wordpress\/wp-content\/uploads\/2024\/08\/Cannes-015-200x133.jpg 200w, https:\/\/chiccompass.com\/wordpress\/wp-content\/uploads\/2024\/08\/Cannes-015-400x267.jpg 400w, https:\/\/chiccompass.com\/wordpress\/wp-content\/uploads\/2024\/08\/Cannes-015-600x400.jpg 600w, https:\/\/chiccompass.com\/wordpress\/wp-content\/uploads\/2024\/08\/Cannes-015.jpg 800w\" sizes=\"(max-width: 800px) 100vw, (max-width: 1919px) 600px,(min-width: 1920px) 33vw\" \/><\/span><\/div><div class=\"fusion-text fusion-text-25\"><p style=\"text-align: center;\"><em>Catherine Deneuve at the 77th Cannes Film Festival. Photo by Earl Gibson III.<\/em><\/p>\n<\/div><div class=\"fusion-clearfix\"><\/div><\/div><\/div><div class=\"fusion-layout-column fusion_builder_column_inner fusion-builder-nested-column-10 fusion_builder_column_inner_1_3 1_3 fusion-one-third\" style=\"--awb-bg-size:cover;width:33.333333333333%;width:calc(33.333333333333% - ( ( 4% + 4% ) * 0.33333333333333 ) );margin-right: 4%;\"><div class=\"fusion-column-wrapper fusion-column-has-shadow fusion-flex-column-wrapper-legacy\"><div class=\"fusion-image-element in-legacy-container\" style=\"--awb-caption-title-font-family:var(--h2_typography-font-family);--awb-caption-title-font-weight:var(--h2_typography-font-weight);--awb-caption-title-font-style:var(--h2_typography-font-style);--awb-caption-title-size:var(--h2_typography-font-size);--awb-caption-title-transform:var(--h2_typography-text-transform);--awb-caption-title-line-height:var(--h2_typography-line-height);--awb-caption-title-letter-spacing:var(--h2_typography-letter-spacing);\"><span class=\" fusion-imageframe imageframe-none imageframe-19 hover-type-none\"><img decoding=\"async\" width=\"800\" height=\"532\" title=\"Cannes-001\" src=\"https:\/\/chiccompass.com\/wordpress\/wp-content\/uploads\/2024\/08\/Cannes-001.jpg\" alt class=\"img-responsive wp-image-7290\" srcset=\"https:\/\/chiccompass.com\/wordpress\/wp-content\/uploads\/2024\/08\/Cannes-001-200x133.jpg 200w, https:\/\/chiccompass.com\/wordpress\/wp-content\/uploads\/2024\/08\/Cannes-001-400x266.jpg 400w, https:\/\/chiccompass.com\/wordpress\/wp-content\/uploads\/2024\/08\/Cannes-001-600x399.jpg 600w, https:\/\/chiccompass.com\/wordpress\/wp-content\/uploads\/2024\/08\/Cannes-001.jpg 800w\" sizes=\"(max-width: 800px) 100vw, (max-width: 1919px) 600px,(min-width: 1920px) 33vw\" \/><\/span><\/div><div class=\"fusion-text fusion-text-26\"><p style=\"text-align: center;\"><em>Chris Hemsworth, director George Miller and Anya Taylor-Joy in Cannes for \"Furiosa: A Mad Max Saga.\" Photo by Earl Gibson III.<\/em><\/p>\n<\/div><div class=\"fusion-clearfix\"><\/div><\/div><\/div><div class=\"fusion-layout-column fusion_builder_column_inner fusion-builder-nested-column-11 fusion_builder_column_inner_1_3 1_3 fusion-one-third fusion-column-last\" style=\"--awb-bg-size:cover;width:33.333333333333%;width:calc(33.333333333333% - ( ( 4% + 4% ) * 0.33333333333333 ) );\"><div class=\"fusion-column-wrapper fusion-column-has-shadow fusion-flex-column-wrapper-legacy\"><div class=\"fusion-image-element in-legacy-container\" style=\"--awb-caption-title-font-family:var(--h2_typography-font-family);--awb-caption-title-font-weight:var(--h2_typography-font-weight);--awb-caption-title-font-style:var(--h2_typography-font-style);--awb-caption-title-size:var(--h2_typography-font-size);--awb-caption-title-transform:var(--h2_typography-text-transform);--awb-caption-title-line-height:var(--h2_typography-line-height);--awb-caption-title-letter-spacing:var(--h2_typography-letter-spacing);\"><span class=\" fusion-imageframe imageframe-none imageframe-20 hover-type-none\"><img decoding=\"async\" width=\"800\" height=\"533\" alt=\"Juror actress Eva Green at the 77th Cannes Film Festival. Photo by Earl Gibson III.\" title=\"Cannes-008\" src=\"https:\/\/chiccompass.com\/wordpress\/wp-content\/uploads\/2024\/08\/Cannes-008.jpg\" class=\"img-responsive wp-image-7292\" srcset=\"https:\/\/chiccompass.com\/wordpress\/wp-content\/uploads\/2024\/08\/Cannes-008-200x133.jpg 200w, https:\/\/chiccompass.com\/wordpress\/wp-content\/uploads\/2024\/08\/Cannes-008-400x267.jpg 400w, https:\/\/chiccompass.com\/wordpress\/wp-content\/uploads\/2024\/08\/Cannes-008-600x400.jpg 600w, https:\/\/chiccompass.com\/wordpress\/wp-content\/uploads\/2024\/08\/Cannes-008.jpg 800w\" sizes=\"(max-width: 800px) 100vw, (max-width: 1919px) 600px,(min-width: 1920px) 33vw\" \/><\/span><\/div><div class=\"fusion-text fusion-text-27\"><p style=\"text-align: center;\"><em>Juror actress Eva Green at the 77th Cannes Film Festival. Photo by Earl Gibson III.<\/em><\/p>\n<\/div><div class=\"fusion-clearfix\"><\/div><\/div><\/div><\/div><div class=\"fusion-builder-row fusion-builder-row-inner fusion-row\"><div class=\"fusion-layout-column fusion_builder_column_inner fusion-builder-nested-column-12 fusion_builder_column_inner_1_3 1_3 fusion-one-third fusion-column-first\" style=\"--awb-bg-size:cover;width:33.333333333333%;width:calc(33.333333333333% - ( ( 4% + 4% ) * 0.33333333333333 ) );margin-right: 4%;\"><div class=\"fusion-column-wrapper fusion-column-has-shadow fusion-flex-column-wrapper-legacy\"><div class=\"fusion-image-element in-legacy-container\" style=\"--awb-caption-title-font-family:var(--h2_typography-font-family);--awb-caption-title-font-weight:var(--h2_typography-font-weight);--awb-caption-title-font-style:var(--h2_typography-font-style);--awb-caption-title-size:var(--h2_typography-font-size);--awb-caption-title-transform:var(--h2_typography-text-transform);--awb-caption-title-line-height:var(--h2_typography-line-height);--awb-caption-title-letter-spacing:var(--h2_typography-letter-spacing);\"><span class=\" fusion-imageframe imageframe-none imageframe-21 hover-type-none\"><img decoding=\"async\" width=\"800\" height=\"533\" title=\"Cannes-021\" src=\"https:\/\/chiccompass.com\/wordpress\/wp-content\/uploads\/2024\/08\/Cannes-021.jpg\" alt class=\"img-responsive wp-image-7293\" srcset=\"https:\/\/chiccompass.com\/wordpress\/wp-content\/uploads\/2024\/08\/Cannes-021-200x133.jpg 200w, https:\/\/chiccompass.com\/wordpress\/wp-content\/uploads\/2024\/08\/Cannes-021-400x267.jpg 400w, https:\/\/chiccompass.com\/wordpress\/wp-content\/uploads\/2024\/08\/Cannes-021-600x400.jpg 600w, https:\/\/chiccompass.com\/wordpress\/wp-content\/uploads\/2024\/08\/Cannes-021.jpg 800w\" sizes=\"(max-width: 800px) 100vw, (max-width: 1919px) 600px,(min-width: 1920px) 33vw\" \/><\/span><\/div><div class=\"fusion-text fusion-text-28\"><p style=\"text-align: center;\"><em>Kirsten Dunst and Jesse Plemons. Plemons won Best Actor award for his performance in \"Kinds of Kindness\" at the 77th Cannes Film Festival. Photo by Earl Gibson III.<\/em><\/p>\n<\/div><div class=\"fusion-clearfix\"><\/div><\/div><\/div><div class=\"fusion-layout-column fusion_builder_column_inner fusion-builder-nested-column-13 fusion_builder_column_inner_1_3 1_3 fusion-one-third\" style=\"--awb-bg-size:cover;width:33.333333333333%;width:calc(33.333333333333% - ( ( 4% + 4% ) * 0.33333333333333 ) );margin-right: 4%;\"><div class=\"fusion-column-wrapper fusion-column-has-shadow fusion-flex-column-wrapper-legacy\"><div class=\"fusion-image-element in-legacy-container\" style=\"--awb-caption-title-font-family:var(--h2_typography-font-family);--awb-caption-title-font-weight:var(--h2_typography-font-weight);--awb-caption-title-font-style:var(--h2_typography-font-style);--awb-caption-title-size:var(--h2_typography-font-size);--awb-caption-title-transform:var(--h2_typography-text-transform);--awb-caption-title-line-height:var(--h2_typography-line-height);--awb-caption-title-letter-spacing:var(--h2_typography-letter-spacing);\"><span class=\" fusion-imageframe imageframe-none imageframe-22 hover-type-none\"><img decoding=\"async\" width=\"800\" height=\"1200\" alt=\"Michelle Yeoh at the 77th Cannes Film Festival. Photo by Earl Gibson III.\" title=\"Cannes-022\" src=\"https:\/\/chiccompass.com\/wordpress\/wp-content\/uploads\/2024\/08\/Cannes-022.jpg\" class=\"img-responsive wp-image-7295\" srcset=\"https:\/\/chiccompass.com\/wordpress\/wp-content\/uploads\/2024\/08\/Cannes-022-200x300.jpg 200w, https:\/\/chiccompass.com\/wordpress\/wp-content\/uploads\/2024\/08\/Cannes-022-400x600.jpg 400w, https:\/\/chiccompass.com\/wordpress\/wp-content\/uploads\/2024\/08\/Cannes-022-600x900.jpg 600w, https:\/\/chiccompass.com\/wordpress\/wp-content\/uploads\/2024\/08\/Cannes-022.jpg 800w\" sizes=\"(max-width: 800px) 100vw, (max-width: 1919px) 600px,(min-width: 1920px) 33vw\" \/><\/span><\/div><div class=\"fusion-text fusion-text-29\"><p style=\"text-align: center;\"><em>Michelle Yeoh at the 77th Cannes Film Festival. Photo by Earl Gibson III.<\/em><\/p>\n<\/div><div class=\"fusion-clearfix\"><\/div><\/div><\/div><div class=\"fusion-layout-column fusion_builder_column_inner fusion-builder-nested-column-14 fusion_builder_column_inner_1_3 1_3 fusion-one-third fusion-column-last\" style=\"--awb-bg-size:cover;width:33.333333333333%;width:calc(33.333333333333% - ( ( 4% + 4% ) * 0.33333333333333 ) );\"><div class=\"fusion-column-wrapper fusion-column-has-shadow fusion-flex-column-wrapper-legacy\"><div class=\"fusion-image-element in-legacy-container\" style=\"--awb-caption-title-font-family:var(--h2_typography-font-family);--awb-caption-title-font-weight:var(--h2_typography-font-weight);--awb-caption-title-font-style:var(--h2_typography-font-style);--awb-caption-title-size:var(--h2_typography-font-size);--awb-caption-title-transform:var(--h2_typography-text-transform);--awb-caption-title-line-height:var(--h2_typography-line-height);--awb-caption-title-letter-spacing:var(--h2_typography-letter-spacing);\"><span class=\" fusion-imageframe imageframe-none imageframe-23 hover-type-none\"><img decoding=\"async\" width=\"800\" height=\"533\" alt=\"Emma Stone at the 77th Cannes Film Festival. Photo by Earl Gibson III.\" title=\"Cannes-009\" src=\"https:\/\/chiccompass.com\/wordpress\/wp-content\/uploads\/2024\/08\/Cannes-009.jpg\" class=\"img-responsive wp-image-7294\" srcset=\"https:\/\/chiccompass.com\/wordpress\/wp-content\/uploads\/2024\/08\/Cannes-009-200x133.jpg 200w, https:\/\/chiccompass.com\/wordpress\/wp-content\/uploads\/2024\/08\/Cannes-009-400x267.jpg 400w, https:\/\/chiccompass.com\/wordpress\/wp-content\/uploads\/2024\/08\/Cannes-009-600x400.jpg 600w, https:\/\/chiccompass.com\/wordpress\/wp-content\/uploads\/2024\/08\/Cannes-009.jpg 800w\" sizes=\"(max-width: 800px) 100vw, (max-width: 1919px) 600px,(min-width: 1920px) 33vw\" \/><\/span><\/div><div class=\"fusion-text fusion-text-30\"><p style=\"text-align: center;\"><em>Emma Stone at the 77th Cannes Film Festival. Photo by Earl Gibson III.<\/em><\/p>\n<\/div><div class=\"fusion-clearfix\"><\/div><\/div><\/div><\/div><\/div><\/div><div class=\"fusion-clearfix\"><\/div><\/div><\/div><div class=\"fusion-layout-column fusion_builder_column fusion-builder-column-2 fusion_builder_column_1_6 1_6 fusion-one-sixth fusion-column-last\" style=\"--awb-padding-top:9%;--awb-padding-right:9%;--awb-padding-bottom:9%;--awb-padding-left:9%;--awb-bg-color:#0c0c0d;--awb-bg-color-hover:#0c0c0d;--awb-bg-size:cover;--awb-margin-bottom:0px;\"><div class=\"fusion-column-wrapper fusion-flex-column-wrapper-legacy\"><div class=\"fusion-column-content-centered\"><div class=\"fusion-column-content\"><\/div><\/div><div class=\"fusion-clearfix\"><\/div><\/div><\/div><\/div><\/div>\n","protected":false},"excerpt":{"rendered":"<p>Going to Cannes has always been one of the highlights of my journalism career, and I am blessed to have covered the prestigious film festival for the past 12 years. Watching award-winning films, interviewing the actors and filmmakers, walking the exciting red carpet with the stars and attending the after-parties and other events at the La Croisette always made me wide-eyed with joy and wonder, as if it were my first time all over again.<\/p>\n","protected":false},"author":1,"featured_media":7289,"comment_status":"open","ping_status":"open","sticky":false,"template":"","format":"standard","meta":{"nf_dc_page":"","footnotes":""},"categories":[4520,4182],"tags":[3322,4200,4199,4109,3167,4014,3948],"class_list":["post-7273","post","type-post","status-publish","format-standard","has-post-thumbnail","hentry","category-entertainment","category-issue-19","tag-actor","tag-actress","tag-cannes-film-festival","tag-entertainers","tag-entertainment","tag-film","tag-janet-susan-r-nepales"],"_links":{"self":[{"href":"https:\/\/chiccompass.com\/wordpress\/wp-json\/wp\/v2\/posts\/7273","targetHints":{"allow":["GET"]}}],"collection":[{"href":"https:\/\/chiccompass.com\/wordpress\/wp-json\/wp\/v2\/posts"}],"about":[{"href":"https:\/\/chiccompass.com\/wordpress\/wp-json\/wp\/v2\/types\/post"}],"author":[{"embeddable":true,"href":"https:\/\/chiccompass.com\/wordpress\/wp-json\/wp\/v2\/users\/1"}],"replies":[{"embeddable":true,"href":"https:\/\/chiccompass.com\/wordpress\/wp-json\/wp\/v2\/comments?post=7273"}],"version-history":[{"count":3,"href":"https:\/\/chiccompass.com\/wordpress\/wp-json\/wp\/v2\/posts\/7273\/revisions"}],"predecessor-version":[{"id":7298,"href":"https:\/\/chiccompass.com\/wordpress\/wp-json\/wp\/v2\/posts\/7273\/revisions\/7298"}],"wp:featuredmedia":[{"embeddable":true,"href":"https:\/\/chiccompass.com\/wordpress\/wp-json\/wp\/v2\/media\/7289"}],"wp:attachment":[{"href":"https:\/\/chiccompass.com\/wordpress\/wp-json\/wp\/v2\/media?parent=7273"}],"wp:term":[{"taxonomy":"category","embeddable":true,"href":"https:\/\/chiccompass.com\/wordpress\/wp-json\/wp\/v2\/categories?post=7273"},{"taxonomy":"post_tag","embeddable":true,"href":"https:\/\/chiccompass.com\/wordpress\/wp-json\/wp\/v2\/tags?post=7273"}],"curies":[{"name":"wp","href":"https:\/\/api.w.org\/{rel}","templated":true}]}}